{"id":875,"date":"2022-10-29T04:14:53","date_gmt":"2022-10-29T04:14:53","guid":{"rendered":"https:\/\/staging.os-zagradec.si\/?p=875"},"modified":"2022-11-05T08:29:01","modified_gmt":"2022-11-05T08:29:01","slug":"zbiranje-prispevkov-za-urbana","status":"publish","type":"post","link":"https:\/\/os-zagradec.si\/?p=875","title":{"rendered":"Pomagajmo Urbanu"},"content":{"rendered":"\n<p>Spo\u0161tovani star\u0161i in u\u010denci,<\/p>\n\n\n\n<p>V mesecu <em>novembru<\/em> nadaljujemo z zbiranje pomo\u010di za malega Urbana. Na \u0161oli poteka dobrodelni projekt <em>Otroci za otroke<\/em> pod okriljem dru\u0161tva Pal\u010dica Pomagal\u010dica in njenih dobrodelnih \u0161kratkov. V okviru projekta bodo u\u010denci zbirali <em>\u00bbsrebrne kovan\u010dke upanja za Urbanovo \u017eivljenje\u00ab (kovan\u010dki v vrednosti enega ali dveh evrov).<\/em><\/p>\n\n\n\n<p>Urban se je rodil z redko gensko okvaro in&nbsp;za zdravljenje potrebuje posebne genske terapije, ki pa so zelo drage. Zato spodbujamo vse u\u010dence, ki imajo mo\u017enost, da s prispevanjem kovan\u010dkov pomagajo Urbanu in njegovim star\u0161em, da bodo terapije de\u010dku la\u017eje dosegljive. Vsak kovan\u010dek je dragocen kamen\u010dek na poti do Urbanove ozdravitve.<\/p>\n\n\n<div class=\"wp-block-image\">\n<figure class=\"aligncenter\"><img loading=\"lazy\" decoding=\"async\" width=\"300\" height=\"143\" src=\"https:\/\/os-zagradec.si\/z\/wp-content\/uploads\/2022\/10\/slika.png\" alt=\"\" class=\"wp-image-845\"\/><\/figure>\n<\/div>\n\n\n<p>Lep dobrodelni pozdrav,<\/p>\n\n\n\n<p>O\u0160 Zagradec<\/p>\n","protected":false},"excerpt":{"rendered":"<p>Spo\u0161tovani star\u0161i in u\u010denci, V mesecu novembru nadaljujemo z zbiranje pomo\u010di za malega Urbana. Na \u0161oli poteka dobrodelni projekt Otroci za otroke pod okriljem dru\u0161tva Pal\u010dica Pomagal\u010dica in njenih dobrodelnih \u0161kratkov. V okviru projekta bodo u\u010denci zbirali \u00bbsrebrne kovan\u010dke upanja za Urbanovo \u017eivljenje\u00ab (kovan\u010dki v vrednosti enega ali dveh evrov). Urban se je rodil z &hellip; <a href=\"https:\/\/os-zagradec.si\/?p=875\" class=\"more-link\">Preberi ve\u010d <span class=\"screen-reader-text\">Pomagajmo Urbanu<\/span> <span class=\"meta-nav\">&rarr;<\/span><\/a><\/p>\n","protected":false},"author":1,"featured_media":997,"comment_status":"closed","ping_status":"closed","sticky":false,"template":"","format":"standard","meta":{"footnotes":""},"categories":[10],"tags":[],"class_list":["post-875","post","type-post","status-publish","format-standard","has-post-thumbnail","hentry","category-obvestila"],"_links":{"self":[{"href":"https:\/\/os-zagradec.si\/index.php?rest_route=\/wp\/v2\/posts\/875","targetHints":{"allow":["GET"]}}],"collection":[{"href":"https:\/\/os-zagradec.si\/index.php?rest_route=\/wp\/v2\/posts"}],"about":[{"href":"https:\/\/os-zagradec.si\/index.php?rest_route=\/wp\/v2\/types\/post"}],"author":[{"embeddable":true,"href":"https:\/\/os-zagradec.si\/index.php?rest_route=\/wp\/v2\/users\/1"}],"replies":[{"embeddable":true,"href":"https:\/\/os-zagradec.si\/index.php?rest_route=%2Fwp%2Fv2%2Fcomments&post=875"}],"version-history":[{"count":1,"href":"https:\/\/os-zagradec.si\/index.php?rest_route=\/wp\/v2\/posts\/875\/revisions"}],"predecessor-version":[{"id":991,"href":"https:\/\/os-zagradec.si\/index.php?rest_route=\/wp\/v2\/posts\/875\/revisions\/991"}],"wp:featuredmedia":[{"embeddable":true,"href":"https:\/\/os-zagradec.si\/index.php?rest_route=\/wp\/v2\/media\/997"}],"wp:attachment":[{"href":"https:\/\/os-zagradec.si\/index.php?rest_route=%2Fwp%2Fv2%2Fmedia&parent=875"}],"wp:term":[{"taxonomy":"category","embeddable":true,"href":"https:\/\/os-zagradec.si\/index.php?rest_route=%2Fwp%2Fv2%2Fcategories&post=875"},{"taxonomy":"post_tag","embeddable":true,"href":"https:\/\/os-zagradec.si\/index.php?rest_route=%2Fwp%2Fv2%2Ftags&post=875"}],"curies":[{"name":"wp","href":"https:\/\/api.w.org\/{rel}","templated":true}]}}