{"id":4454,"date":"2024-03-14T10:19:00","date_gmt":"2024-03-14T10:19:00","guid":{"rendered":"https:\/\/os-zagradec.si\/?p=4454"},"modified":"2024-03-29T10:23:12","modified_gmt":"2024-03-29T10:23:12","slug":"regijski-otroski-parlament-v-novem-mestu","status":"publish","type":"post","link":"https:\/\/os-zagradec.si\/?p=4454","title":{"rendered":"Regijski otro\u0161ki parlament v Novem mestu"},"content":{"rendered":"\n<p>V \u010detrtek, 14. marca 2024, je na Osnovni \u0161oli Grm v Novem mestu potekalo sre\u010danje predstavnikov otro\u0161kih parlamentov z osnovnih \u0161ol v dolenjski regiji. Tudi letos je bila tema <em>Du\u0161evno zdravje otrok in mladih<\/em>. Na\u0161o \u0161olo je uspe\u0161no zastopala osmo\u0161olka Bagavati Se\u010dnik.&nbsp;<\/p>\n\n\n\n<p>Po uvodnih pozdravih pod\u017eupana Mestne ob\u010dine Novo mesto Matije \u0160kofa in podpredsednika Zveze prijateljev mladine Slovenije Uro\u0161a Brezov\u0161ka so bili razdeljeni v \u0161tiri skupine, na katerih so se pripravljali na predstavitev svojih mnenj. Te so nato predstavili na skupnem delu ter sodelovali v debati, ki jo je vodil Uro\u0161 Brezov\u0161ek. Pri tem so izkazali visoko raven komunikacije in odli\u010dno poznavanje teme.&nbsp;<\/p>\n\n\n\n<p>U\u010denci so najbolj izpostavili dolge \u010dakalne dobe za psihologe in psihoterapevte ter izrazili&nbsp; potrebo po ve\u010djem \u0161tevilu svetovalnih delavcev na \u0161olah, da bi tako la\u017eje dostopali do pomo\u010di. Prav tako so mnenja, da bi se morali tako u\u010denci kot tudi star\u0161i in u\u010ditelji obvezno izobra\u017eevati o du\u0161evnem zdravju ter da bi se v \u0161olo vklju\u010dile vsebine, ki bi otrokom omogo\u010dile, da bi si znali sami pomagati, kadar so v te\u017eavah. Obenem si \u017eelijo ve\u010d aktivnega pouka in pouka izven u\u010dilnic, v naravi. Na koncu so poudarili, da mora \u0161ola otrokom zagotavljati varno okolje, saj ga na \u017ealost vsi v doma\u010dem okolju nimajo.<\/p>\n\n\n\n<p>Skupna izhodi\u0161\u010da bo deset izvoljenih delegatov 8. aprila 2024 predstavilo na otro\u0161kem parlamentu v Dr\u017eavnem zboru Republike Slovenije. Na koncu so vsi skupaj izbrali dva predloga za novo dvoletno temo otro\u0161kih parlamentov, in sicer sta to <em>Rasizem, diskriminacija, seksizem<\/em> ter <em>Vzgoja otroka v odgovornega odraslega<\/em>. Izbor nove teme bo prav tako znan 8. aprila 2024.<\/p>\n\n\n\n<p>Koordinatorica Silvia Valen\u010di\u010d<\/p>\n\n\n\n<div class=\"wp-block-envira-envira-gallery\"><div id=\"envira-gallery-wrap-4458\" class=\"envira-gallery-wrap envira-gallery-theme-base envira-lightbox-theme-base\" itemscope itemtype=\"https:\/\/schema.org\/ImageGallery\"><div data-row-height=\"150\" data-gallery-theme=\"normal\" id=\"envira-gallery-4458\" class=\"envira-gallery-public envira-gallery-justified-public envira-gallery-0-columns envira-clear enviratope envira-gallery-css-animations\" data-envira-columns=\"0\"><div id=\"envira-gallery-item-4456\" class=\"envira-gallery-item enviratope-item envira-gallery-item-1 envira-lazy-load\" style=\"padding-left: 1px; padding-bottom: 1px; padding-right: 1px;\"  itemscope itemtype=\"https:\/\/schema.org\/ImageObject\"><div class=\"envira-gallery-item-inner\"><div class=\"envira-gallery-position-overlay  envira-gallery-top-left\"><\/div><div class=\"envira-gallery-position-overlay  envira-gallery-top-right\"><\/div><div class=\"envira-gallery-position-overlay  envira-gallery-bottom-left\"><\/div><div class=\"envira-gallery-position-overlay  envira-gallery-bottom-right\"><\/div><a href=\"https:\/\/os-zagradec.si\/wp-content\/uploads\/2024\/03\/IMG_6025-1-scaled.jpg\" class=\"envira-gallery-4458 envira-gallery-link\" rel=\"enviragallery4458\" title=\"IMG_6025\" data-envira-caption=\"IMG_6025\" data-envira-retina=\"\" data-thumbnail=\"\"  itemprop=\"contentUrl\"><img decoding=\"async\" id=\"envira-gallery-image-4456\" class=\"envira-gallery-image envira-gallery-image-1 envira-normal envira-lazy\" data-envira-index=\"1\" src=\"https:\/\/os-zagradec.si\/wp-content\/uploads\/2024\/03\/IMG_6025-1-768x1024-640x480.jpg\" data-envira-src=\"https:\/\/os-zagradec.si\/wp-content\/uploads\/2024\/03\/IMG_6025-1-768x1024-640x480.jpg\" data-envira-gallery-id=\"4458\" data-envira-item-id=\"4456\" data-envira-caption=\"IMG_6025\" alt=\"\" title=\"IMG_6025\"  itemprop=\"thumbnailUrl\" data-envira-srcset=\"https:\/\/os-zagradec.si\/wp-content\/uploads\/2024\/03\/IMG_6025-1-768x1024-640x480.jpg 400w,https:\/\/os-zagradec.si\/wp-content\/uploads\/2024\/03\/IMG_6025-1-768x1024-640x480.jpg 2x\" data-envira-width=\"225\" data-envira-height=\"300\" srcset=\"data:image\/gif;base64,R0lGODlhAQABAIAAAP\/\/\/\/\/\/\/yH5BAEKAAEALAAAAAABAAEAAAICTAEAOw==\" data-safe-src=\"data:image\/gif;base64,R0lGODlhAQABAIAAAP\/\/\/\/\/\/\/yH5BAEKAAEALAAAAAABAAEAAAICTAEAOw==\" \/><\/a><\/div><\/div><div id=\"envira-gallery-item-4457\" class=\"envira-gallery-item enviratope-item envira-gallery-item-2 envira-lazy-load\" style=\"padding-left: 1px; padding-bottom: 1px; padding-right: 1px;\"  itemscope itemtype=\"https:\/\/schema.org\/ImageObject\"><div class=\"envira-gallery-item-inner\"><div class=\"envira-gallery-position-overlay  envira-gallery-top-left\"><\/div><div class=\"envira-gallery-position-overlay  envira-gallery-top-right\"><\/div><div class=\"envira-gallery-position-overlay  envira-gallery-bottom-left\"><\/div><div class=\"envira-gallery-position-overlay  envira-gallery-bottom-right\"><\/div><a href=\"https:\/\/os-zagradec.si\/wp-content\/uploads\/2024\/03\/IMG_6027-scaled.jpg\" class=\"envira-gallery-4458 envira-gallery-link\" rel=\"enviragallery4458\" title=\"IMG_6027\" data-envira-caption=\"IMG_6027\" data-envira-retina=\"\" data-thumbnail=\"\"  itemprop=\"contentUrl\"><img decoding=\"async\" id=\"envira-gallery-image-4457\" class=\"envira-gallery-image envira-gallery-image-2 envira-normal envira-lazy\" data-envira-index=\"2\" src=\"https:\/\/os-zagradec.si\/wp-content\/uploads\/2024\/03\/IMG_6027-768x1024-640x480.jpg\" data-envira-src=\"https:\/\/os-zagradec.si\/wp-content\/uploads\/2024\/03\/IMG_6027-768x1024-640x480.jpg\" data-envira-gallery-id=\"4458\" data-envira-item-id=\"4457\" data-envira-caption=\"IMG_6027\" alt=\"\" title=\"IMG_6027\"  itemprop=\"thumbnailUrl\" data-envira-srcset=\"https:\/\/os-zagradec.si\/wp-content\/uploads\/2024\/03\/IMG_6027-768x1024-640x480.jpg 400w,https:\/\/os-zagradec.si\/wp-content\/uploads\/2024\/03\/IMG_6027-768x1024-640x480.jpg 2x\" data-envira-width=\"225\" data-envira-height=\"300\" srcset=\"data:image\/gif;base64,R0lGODlhAQABAIAAAP\/\/\/\/\/\/\/yH5BAEKAAEALAAAAAABAAEAAAICTAEAOw==\" data-safe-src=\"data:image\/gif;base64,R0lGODlhAQABAIAAAP\/\/\/\/\/\/\/yH5BAEKAAEALAAAAAABAAEAAAICTAEAOw==\" \/><\/a><\/div><\/div><\/div><\/div><noscript><img decoding=\"async\" src=\"https:\/\/os-zagradec.si\/wp-content\/uploads\/2024\/03\/IMG_6025-1-scaled.jpg\" alt=\"\" \/><img decoding=\"async\" src=\"https:\/\/os-zagradec.si\/wp-content\/uploads\/2024\/03\/IMG_6027-scaled.jpg\" alt=\"\" \/><\/noscript><\/div>\n","protected":false},"excerpt":{"rendered":"<p>V \u010detrtek, 14. marca 2024, je na Osnovni \u0161oli Grm v Novem mestu potekalo sre\u010danje predstavnikov otro\u0161kih parlamentov z osnovnih \u0161ol v dolenjski regiji. Tudi letos je bila tema Du\u0161evno zdravje otrok in mladih. Na\u0161o \u0161olo je uspe\u0161no zastopala osmo\u0161olka Bagavati Se\u010dnik.&nbsp; Po uvodnih pozdravih pod\u017eupana Mestne ob\u010dine Novo mesto Matije \u0160kofa in podpredsednika Zveze &hellip; <a href=\"https:\/\/os-zagradec.si\/?p=4454\" class=\"more-link\">Preberi ve\u010d <span class=\"screen-reader-text\">Regijski otro\u0161ki parlament v Novem mestu<\/span> <span class=\"meta-nav\">&rarr;<\/span><\/a><\/p>\n","protected":false},"author":1,"featured_media":4456,"comment_status":"closed","ping_status":"open","sticky":false,"template":"","format":"standard","meta":{"footnotes":""},"categories":[6],"tags":[],"class_list":["post-4454","post","type-post","status-publish","format-standard","has-post-thumbnail","hentry","category-prispevki"],"_links":{"self":[{"href":"https:\/\/os-zagradec.si\/index.php?rest_route=\/wp\/v2\/posts\/4454","targetHints":{"allow":["GET"]}}],"collection":[{"href":"https:\/\/os-zagradec.si\/index.php?rest_route=\/wp\/v2\/posts"}],"about":[{"href":"https:\/\/os-zagradec.si\/index.php?rest_route=\/wp\/v2\/types\/post"}],"author":[{"embeddable":true,"href":"https:\/\/os-zagradec.si\/index.php?rest_route=\/wp\/v2\/users\/1"}],"replies":[{"embeddable":true,"href":"https:\/\/os-zagradec.si\/index.php?rest_route=%2Fwp%2Fv2%2Fcomments&post=4454"}],"version-history":[{"count":1,"href":"https:\/\/os-zagradec.si\/index.php?rest_route=\/wp\/v2\/posts\/4454\/revisions"}],"predecessor-version":[{"id":4459,"href":"https:\/\/os-zagradec.si\/index.php?rest_route=\/wp\/v2\/posts\/4454\/revisions\/4459"}],"wp:featuredmedia":[{"embeddable":true,"href":"https:\/\/os-zagradec.si\/index.php?rest_route=\/wp\/v2\/media\/4456"}],"wp:attachment":[{"href":"https:\/\/os-zagradec.si\/index.php?rest_route=%2Fwp%2Fv2%2Fmedia&parent=4454"}],"wp:term":[{"taxonomy":"category","embeddable":true,"href":"https:\/\/os-zagradec.si\/index.php?rest_route=%2Fwp%2Fv2%2Fcategories&post=4454"},{"taxonomy":"post_tag","embeddable":true,"href":"https:\/\/os-zagradec.si\/index.php?rest_route=%2Fwp%2Fv2%2Ftags&post=4454"}],"curies":[{"name":"wp","href":"https:\/\/api.w.org\/{rel}","templated":true}]}}